{"id":1644,"date":"2021-07-22T01:51:26","date_gmt":"2021-07-22T01:51:26","guid":{"rendered":"https:\/\/dev-wp.evalartapp.com\/?p=1644"},"modified":"2025-03-20T09:44:18","modified_gmt":"2025-03-20T09:44:18","slug":"pre-recorded-video-interviews","status":"publish","type":"post","link":"https:\/\/dev-wp.evalartapp.com\/pb\/blog\/pre-recorded-video-interviews\/","title":{"rendered":"Entrevistas em V\u00eddeo Pr\u00e9-gravada"},"content":{"rendered":"<p><span style=\"font-weight: 400;\">Ao contr\u00e1rio da entrevista tradicional que acontece presencialmente e que \u00e9 previamente agendada com os candidatos. As entrevistas em v\u00eddeo pr\u00e9-gravadas s\u00e3o presenciais? Pelo contr\u00e1rio, s\u00e3o aplicadas remotamente e incluem quest\u00f5es escolhidas pelo recrutador dependendo da fase do processo de sele\u00e7\u00e3o em que se encontram, o candidato responde \u00e0s quest\u00f5es \u00e0 medida que aparecem na tela da candidatura que o recrutador definiu previamente, e as respostas podem ser gravadas para que o recrutador possa rever a entrevista em v\u00eddeo posteriormente. Dessa forma, por exemplo, se estiverem na parte inicial do processo, as perguntas provavelmente incidir\u00e3o nos dados e informa\u00e7\u00f5es gerais do candidato.<\/span><\/p>\n<p><span style=\"font-weight: 400;\">As entrevistas em v\u00eddeo pr\u00e9-gravadas representam uma forma de di\u00e1logo interativo e, mais importante, podem ser conduzidas remotamente de qualquer local usando um computador ou dispositivo m\u00f3vel com acesso \u00e0 internet, uma c\u00e2mera e um microfone.<\/span><\/p>\n<p><span style=\"font-weight: 400;\">As entrevistas em v\u00eddeo pr\u00e9-gravadas podem ser usadas em qualquer etapa do processo de recrutamento e sua import\u00e2ncia est\u00e1 nos diversos benef\u00edcios que trazem ao processo de sele\u00e7\u00e3o de pessoas.<\/span><\/p>\n<p><span style=\"font-weight: 400;\">O recrutador ou entrevistador \u00e9 quem elabora as perguntas, escolhe a dura\u00e7\u00e3o da entrevista, a abordagem que tomar\u00e1 e o formato. \u00c9 bom considerar que isso depende da plataforma que eles escolheram para a entrevista em v\u00eddeo pr\u00e9-gravada, pois cada prestador de servi\u00e7o possui ferramentas e funcionalidades diferentes.<\/span><\/p>\n<p><strong>H\u00e1 dois tipos diferentes de entrevistas em v\u00eddeo pr\u00e9-gravadas:<\/strong><\/p>\n<p><span style=\"font-weight: 400;\">1. Entrevistas Particulares em V\u00eddeo: Este \u00e9 o caso mais comum e, neste tipo de entrevista em v\u00eddeo, a pessoa que vai responder as perguntas da entrevista recebe um convite. Somente pessoas podem responder a entrevista, e o acesso n\u00e3o \u00e9 p\u00fablico; s\u00f3 pode ser poss\u00edvel por convite.<\/span><\/p>\n<p><span style=\"font-weight: 400;\">2. Entrevistas P\u00fablicas em V\u00eddeo: Esse tipo de entrevista em v\u00eddeo pr\u00e9-gravada \u00e9 usada em grandes campanhas de recrutamento e geralmente substitui an\u00fancios de emprego. As grandes empresas geralmente publicam links para acessar o v\u00eddeo em sua p\u00e1gina inicial ou compartilham em suas redes sociais para convidar candidatos a se inscreverem e responderem \u00e0 entrevista. Nesse caso, qualquer pessoa pode acessar e responder a entrevista em v\u00eddeo.<\/span><\/p>\n<p><strong>Entrevistas em v\u00eddeo pr\u00e9-gravadas no processo de recrutamento<\/strong><\/p>\n<p><span style=\"font-weight: 400;\">Os processos de recrutamento e sele\u00e7\u00e3o de pessoas nas organiza\u00e7\u00f5es v\u00eam se modificando e se atualizando com as novas alternativas proporcionadas pela tecnologia para facilitar e complementar o processo.<\/span><\/p>\n<p><span style=\"font-weight: 400;\">O uso de entrevistas em v\u00eddeo pr\u00e9-gravadas no processo de sele\u00e7\u00e3o de pessoas teve um posicionamento r\u00e1pido, pois permite conhecer o candidato e perceber caracter\u00edsticas espec\u00edficas que podem ser necess\u00e1rias para determinados cargos. Uma vez que o recrutador conhece o candidato, entrevistas subsequentes podem ser realizadas para aprofundar certos tra\u00e7os de personalidade ou habilidades profissionais.<\/span><\/p>\n<p><span style=\"font-weight: 400;\">Embora as entrevistas em v\u00eddeo pr\u00e9-gravadas possam ser usadas a qualquer momento ou em qualquer etapa do processo de sele\u00e7\u00e3o de pessoas, a maioria das organiza\u00e7\u00f5es reporta benef\u00edcios significativos ao us\u00e1-las no in\u00edcio do processo. E permite que as empresas conhe\u00e7am o candidato antes de avan\u00e7ar com o processo e define uma importante diretriz de como continuar caso precisem aplicar testes ou outras entrevistas com base na primeira entrevista em v\u00eddeo.<\/span><\/p>\n<p><span style=\"font-weight: 400;\">Estas entrevistas precisam do trabalho pr\u00e9vio do recrutador ou entrevistador para escolher e preparar as perguntas e a abordagem que pretendem ter durante a entrevista com o candidato; dessa forma, sua estrat\u00e9gia para o processo seletivo poder\u00e1 ter os resultados esperados com o v\u00eddeo final da entrevista.<\/span><\/p>\n<p><strong>Vantagens ou benef\u00edcios de usar entrevistas em v\u00eddeo pr\u00e9-gravadas:<\/strong><\/p>\n<p><span style=\"font-weight: 400;\">As entrevistas em v\u00eddeo pr\u00e9-gravadas t\u00eam v\u00e1rios benef\u00edcios para os recrutadores, mas tamb\u00e9m para os candidatos e para a organiza\u00e7\u00e3o em geral. Desde o in\u00edcio de sua aplica\u00e7\u00e3o, mais e mais empresas e pessoas est\u00e3o apontando os benef\u00edcios do uso da tecnologia em ferramentas como esta para agilizar processos e procedimentos di\u00e1rios, o que, por sua vez, permite obter melhores resultados em tempo e forma.<\/span><\/p>\n<p><strong>A seguir est\u00e1 uma lista dos v\u00e1rios benef\u00edcios de usar entrevistas em v\u00eddeo pr\u00e9-gravadas:<\/strong><\/p>\n<ul>\n<li><span style=\"font-weight: 400;\">Permite conhecer a pessoa antes de iniciar o processo e complementa o que o curr\u00edculo mostra.<\/span><\/li>\n<li><span style=\"font-weight: 400;\">Maior abrang\u00eancia de resultados nos processos entrevistando v\u00e1rias pessoas simultaneamente.<\/span><\/li>\n<li><span style=\"font-weight: 400;\">Reduz as tediosas tarefas administrativas e economiza tempo para outras atividades em sua \u00e1rea de trabalho.<\/span><\/li>\n<li><span style=\"font-weight: 400;\">Aumenta o n\u00edvel de confian\u00e7a dos recrutadores e minimiza o vi\u00e9s intuitivo.<\/span><\/li>\n<li><span style=\"font-weight: 400;\">O uso dessas tecnologias melhora a imagem da empresa em seus processos.<\/span><\/li>\n<li><span style=\"font-weight: 400;\">Proporciona maior comodidade para os candidatos, pois eles podem fazer em casa.<\/span><\/li>\n<li><span style=\"font-weight: 400;\">E permite avaliar a grava\u00e7\u00e3o quantas vezes forem necess\u00e1rias, caso algo n\u00e3o esteja claro, diferente da tradicional entrevista presencial em que o recrutador tem que se lembrar dos detalhes.<\/span><\/li>\n<\/ul>\n<p><span style=\"font-weight: 400;\">Experimente as entrevistas pr\u00e9-gravadas da Evalart aqui: <a href=\"\/\/evalart.com\/pb\/online-interview\/\">Entrevistas em v\u00eddeo pr\u00e9-gravadas.<\/a><\/span><\/p>","protected":false},"excerpt":{"rendered":"<p>Ao contr\u00e1rio da entrevista tradicional que acontece presencialmente e que \u00e9 previamente agendada com os candidatos. As entrevistas em v\u00eddeo pr\u00e9-gravadas s\u00e3o presenciais? Pelo contr\u00e1rio, s\u00e3o aplicadas remotamente e incluem quest\u00f5es escolhidas pelo recrutador dependendo da fase do processo de sele\u00e7\u00e3o em que se encontram, o candidato responde \u00e0s quest\u00f5es \u00e0 medida que aparecem na [&hellip;]<\/p>\n","protected":false},"author":5,"featured_media":1653,"comment_status":"closed","ping_status":"closed","sticky":false,"template":"","format":"standard","meta":{"_acf_changed":false,"inline_featured_image":false,"footnotes":""},"categories":[45,44],"tags":[],"class_list":["post-1644","post","type-post","status-publish","format-standard","has-post-thumbnail","hentry","category-reclutamiento-general","category-tcnicas-de-seleccin-de-personal"],"acf":[],"yoast_head":"<!-- This site is optimized with the Yoast SEO plugin v27.1.1 - https:\/\/yoast.com\/product\/yoast-seo-wordpress\/ -->\n<title>Entrevistas em V\u00eddeo Pr\u00e9-gravada - Evalart<\/title>\n<meta name=\"robots\" content=\"index, follow, max-snippet:-1, max-image-preview:large, max-video-preview:-1\" \/>\n<link rel=\"canonical\" href=\"https:\/\/evalart.com\/en\/blog\/pre-recorded-video-interviews\/\" \/>\n<meta property=\"og:locale\" content=\"pt_BR\" \/>\n<meta property=\"og:type\" content=\"article\" \/>\n<meta property=\"og:title\" content=\"[:en]Pre-recorded Video Interviews[:es]Video Entrevistas Pregrabadas[:pb]Entrevistas em V\u00eddeo Pr\u00e9-gravada[:] - Evalart\" \/>\n<meta property=\"og:description\" content=\"Ao contr\u00e1rio da entrevista tradicional que acontece presencialmente e que \u00e9 previamente agendada com os candidatos. As entrevistas em v\u00eddeo pr\u00e9-gravadas s\u00e3o presenciais? Pelo contr\u00e1rio, s\u00e3o aplicadas remotamente e incluem quest\u00f5es escolhidas pelo recrutador dependendo da fase do processo de sele\u00e7\u00e3o em que se encontram, o candidato responde \u00e0s quest\u00f5es \u00e0 medida que aparecem na [&hellip;]\" \/>\n<meta property=\"og:url\" content=\"https:\/\/evalart.com\/en\/blog\/pre-recorded-video-interviews\/\" \/>\n<meta property=\"og:site_name\" content=\"Evalart\" \/>\n<meta property=\"article:published_time\" content=\"2021-07-22T01:51:26+00:00\" \/>\n<meta property=\"article:modified_time\" content=\"2025-03-20T09:44:18+00:00\" \/>\n<meta property=\"og:image\" content=\"https:\/\/evalart.com\/wp-content\/uploads\/2021\/07\/nggallery_import\/businesswoman-using-laptop-talk-colleagues-about-plan-video-call-meeting-while-working-from-home-living-room.jpg\" \/>\n\t<meta property=\"og:image:width\" content=\"1800\" \/>\n\t<meta property=\"og:image:height\" content=\"1013\" \/>\n\t<meta property=\"og:image:type\" content=\"image\/jpeg\" \/>\n<meta name=\"author\" content=\"Aradelsy Burgos\" \/>\n<meta name=\"twitter:card\" content=\"summary_large_image\" \/>\n<meta name=\"twitter:label1\" content=\"Escrito por\" \/>\n\t<meta name=\"twitter:data1\" content=\"Aradelsy Burgos\" \/>\n\t<meta name=\"twitter:label2\" content=\"Est. tempo de leitura\" \/>\n\t<meta name=\"twitter:data2\" content=\"4 minutos\" \/>\n<script type=\"application\/ld+json\" class=\"yoast-schema-graph\">{\"@context\":\"https:\/\/schema.org\",\"@graph\":[{\"@type\":\"Article\",\"@id\":\"https:\/\/evalart.com\/en\/blog\/pre-recorded-video-interviews\/#article\",\"isPartOf\":{\"@id\":\"https:\/\/evalart.com\/en\/blog\/pre-recorded-video-interviews\/\"},\"author\":{\"name\":\"Aradelsy Burgos\",\"@id\":\"https:\/\/evalart.com\/pb\/#\/schema\/person\/93f496c3a4af2076e61af63c9b21bc4a\"},\"headline\":\"Entrevistas em V\u00eddeo Pr\u00e9-gravada\",\"datePublished\":\"2021-07-22T01:51:26+00:00\",\"dateModified\":\"2025-03-20T09:44:18+00:00\",\"mainEntityOfPage\":{\"@id\":\"https:\/\/evalart.com\/en\/blog\/pre-recorded-video-interviews\/\"},\"wordCount\":2499,\"publisher\":{\"@id\":\"https:\/\/evalart.com\/pb\/#organization\"},\"image\":{\"@id\":\"https:\/\/evalart.com\/en\/blog\/pre-recorded-video-interviews\/#primaryimage\"},\"thumbnailUrl\":\"https:\/\/dev-wp.evalartapp.com\/wp-content\/uploads\/2021\/07\/nggallery_import\/businesswoman-using-laptop-talk-colleagues-about-plan-video-call-meeting-while-working-from-home-living-room.jpg\",\"articleSection\":[\"Reclutamiento General\",\"T\u00e9cnicas de Selecci\u00f3n de Personal\"],\"inLanguage\":\"pt-BR\"},{\"@type\":\"WebPage\",\"@id\":\"https:\/\/evalart.com\/en\/blog\/pre-recorded-video-interviews\/\",\"url\":\"https:\/\/evalart.com\/en\/blog\/pre-recorded-video-interviews\/\",\"name\":\"[:en]Pre-recorded Video Interviews[:es]Video Entrevistas Pregrabadas[:pb]Entrevistas em V\u00eddeo Pr\u00e9-gravada[:] - Evalart\",\"isPartOf\":{\"@id\":\"https:\/\/evalart.com\/pb\/#website\"},\"primaryImageOfPage\":{\"@id\":\"https:\/\/evalart.com\/en\/blog\/pre-recorded-video-interviews\/#primaryimage\"},\"image\":{\"@id\":\"https:\/\/evalart.com\/en\/blog\/pre-recorded-video-interviews\/#primaryimage\"},\"thumbnailUrl\":\"https:\/\/dev-wp.evalartapp.com\/wp-content\/uploads\/2021\/07\/nggallery_import\/businesswoman-using-laptop-talk-colleagues-about-plan-video-call-meeting-while-working-from-home-living-room.jpg\",\"datePublished\":\"2021-07-22T01:51:26+00:00\",\"dateModified\":\"2025-03-20T09:44:18+00:00\",\"breadcrumb\":{\"@id\":\"https:\/\/evalart.com\/en\/blog\/pre-recorded-video-interviews\/#breadcrumb\"},\"inLanguage\":\"pt-BR\",\"potentialAction\":[{\"@type\":\"ReadAction\",\"target\":[\"https:\/\/evalart.com\/en\/blog\/pre-recorded-video-interviews\/\"]}]},{\"@type\":\"ImageObject\",\"inLanguage\":\"pt-BR\",\"@id\":\"https:\/\/evalart.com\/en\/blog\/pre-recorded-video-interviews\/#primaryimage\",\"url\":\"https:\/\/dev-wp.evalartapp.com\/wp-content\/uploads\/2021\/07\/nggallery_import\/businesswoman-using-laptop-talk-colleagues-about-plan-video-call-meeting-while-working-from-home-living-room.jpg\",\"contentUrl\":\"https:\/\/dev-wp.evalartapp.com\/wp-content\/uploads\/2021\/07\/nggallery_import\/businesswoman-using-laptop-talk-colleagues-about-plan-video-call-meeting-while-working-from-home-living-room.jpg\",\"width\":1800,\"height\":1013},{\"@type\":\"BreadcrumbList\",\"@id\":\"https:\/\/evalart.com\/en\/blog\/pre-recorded-video-interviews\/#breadcrumb\",\"itemListElement\":[{\"@type\":\"ListItem\",\"position\":1,\"name\":\"Portada\",\"item\":\"https:\/\/evalart.com\/pb\/\"},{\"@type\":\"ListItem\",\"position\":2,\"name\":\"Pre-recorded Video Interviews\"}]},{\"@type\":\"WebSite\",\"@id\":\"https:\/\/evalart.com\/pb\/#website\",\"url\":\"https:\/\/evalart.com\/pb\/\",\"name\":\"Evalart\",\"description\":\"Skills Assessment Platform for your Recruiting Process\",\"publisher\":{\"@id\":\"https:\/\/evalart.com\/pb\/#organization\"},\"potentialAction\":[{\"@type\":\"SearchAction\",\"target\":{\"@type\":\"EntryPoint\",\"urlTemplate\":\"https:\/\/evalart.com\/pb\/?s={search_term_string}\"},\"query-input\":{\"@type\":\"PropertyValueSpecification\",\"valueRequired\":true,\"valueName\":\"search_term_string\"}}],\"inLanguage\":\"pt-BR\"},{\"@type\":\"Organization\",\"@id\":\"https:\/\/evalart.com\/pb\/#organization\",\"name\":\"Evalart\",\"url\":\"https:\/\/evalart.com\/pb\/\",\"logo\":{\"@type\":\"ImageObject\",\"inLanguage\":\"pt-BR\",\"@id\":\"https:\/\/evalart.com\/pb\/#\/schema\/logo\/image\/\",\"url\":\"https:\/\/dev-wp.evalartapp.com\/wp-content\/uploads\/2024\/03\/evalart-logo.svg\",\"contentUrl\":\"https:\/\/dev-wp.evalartapp.com\/wp-content\/uploads\/2024\/03\/evalart-logo.svg\",\"caption\":\"Evalart\"},\"image\":{\"@id\":\"https:\/\/evalart.com\/pb\/#\/schema\/logo\/image\/\"}},{\"@type\":\"Person\",\"@id\":\"https:\/\/evalart.com\/pb\/#\/schema\/person\/93f496c3a4af2076e61af63c9b21bc4a\",\"name\":\"Aradelsy Burgos\",\"image\":{\"@type\":\"ImageObject\",\"inLanguage\":\"pt-BR\",\"@id\":\"https:\/\/evalart.com\/pb\/#\/schema\/person\/image\/\",\"url\":\"https:\/\/dev-wp.evalartapp.com\/wp-content\/uploads\/2025\/09\/IMG_0083-e1756824836220-150x150.jpg\",\"contentUrl\":\"https:\/\/dev-wp.evalartapp.com\/wp-content\/uploads\/2025\/09\/IMG_0083-e1756824836220-150x150.jpg\",\"caption\":\"Aradelsy Burgos\"},\"description\":\"Aradelsy Burgos is the General Manager of Evalart, leading the company\u2019s strategy and growth in the online assessments space. With experience building and scaling SaaS products, she focuses on enhancing recruitment processes through innovative technologies and evaluations. Beyond product development, she works closely with clients across Latin America to understand their hiring challenges and translate those needs into platform improvements. Find me on LinkedIn.\",\"sameAs\":[\"https:\/\/www.linkedin.com\/in\/aradelsy-jocelyne-burgos-cota\/\"],\"url\":\"https:\/\/dev-wp.evalartapp.com\/pb\/blog\/author\/evalart\/\"}]}<\/script>\n<!-- \/ Yoast SEO plugin. -->","yoast_head_json":{"title":"[:en]Pre-recorded Video Interviews[:es]Video Entrevistas Pregrabadas[:pb]Entrevistas em V\u00eddeo Pr\u00e9-gravada[:] - Evalart","robots":{"index":"index","follow":"follow","max-snippet":"max-snippet:-1","max-image-preview":"max-image-preview:large","max-video-preview":"max-video-preview:-1"},"canonical":"https:\/\/evalart.com\/en\/blog\/pre-recorded-video-interviews\/","og_locale":"pt_BR","og_type":"article","og_title":"[:en]Pre-recorded Video Interviews[:es]Video Entrevistas Pregrabadas[:pb]Entrevistas em V\u00eddeo Pr\u00e9-gravada[:] - Evalart","og_description":"Ao contr\u00e1rio da entrevista tradicional que acontece presencialmente e que \u00e9 previamente agendada com os candidatos. As entrevistas em v\u00eddeo pr\u00e9-gravadas s\u00e3o presenciais? Pelo contr\u00e1rio, s\u00e3o aplicadas remotamente e incluem quest\u00f5es escolhidas pelo recrutador dependendo da fase do processo de sele\u00e7\u00e3o em que se encontram, o candidato responde \u00e0s quest\u00f5es \u00e0 medida que aparecem na [&hellip;]","og_url":"https:\/\/evalart.com\/en\/blog\/pre-recorded-video-interviews\/","og_site_name":"Evalart","article_published_time":"2021-07-22T01:51:26+00:00","article_modified_time":"2025-03-20T09:44:18+00:00","og_image":[{"width":1800,"height":1013,"url":"https:\/\/evalart.com\/wp-content\/uploads\/2021\/07\/nggallery_import\/businesswoman-using-laptop-talk-colleagues-about-plan-video-call-meeting-while-working-from-home-living-room.jpg","type":"image\/jpeg"}],"author":"Aradelsy Burgos","twitter_card":"summary_large_image","twitter_misc":{"Escrito por":"Aradelsy Burgos","Est. tempo de leitura":"4 minutos"},"schema":{"@context":"https:\/\/schema.org","@graph":[{"@type":"Article","@id":"https:\/\/evalart.com\/en\/blog\/pre-recorded-video-interviews\/#article","isPartOf":{"@id":"https:\/\/evalart.com\/en\/blog\/pre-recorded-video-interviews\/"},"author":{"name":"Aradelsy Burgos","@id":"https:\/\/evalart.com\/pb\/#\/schema\/person\/93f496c3a4af2076e61af63c9b21bc4a"},"headline":"Entrevistas em V\u00eddeo Pr\u00e9-gravada","datePublished":"2021-07-22T01:51:26+00:00","dateModified":"2025-03-20T09:44:18+00:00","mainEntityOfPage":{"@id":"https:\/\/evalart.com\/en\/blog\/pre-recorded-video-interviews\/"},"wordCount":2499,"publisher":{"@id":"https:\/\/evalart.com\/pb\/#organization"},"image":{"@id":"https:\/\/evalart.com\/en\/blog\/pre-recorded-video-interviews\/#primaryimage"},"thumbnailUrl":"https:\/\/dev-wp.evalartapp.com\/wp-content\/uploads\/2021\/07\/nggallery_import\/businesswoman-using-laptop-talk-colleagues-about-plan-video-call-meeting-while-working-from-home-living-room.jpg","articleSection":["Reclutamiento General","T\u00e9cnicas de Selecci\u00f3n de Personal"],"inLanguage":"pt-BR"},{"@type":"WebPage","@id":"https:\/\/evalart.com\/en\/blog\/pre-recorded-video-interviews\/","url":"https:\/\/evalart.com\/en\/blog\/pre-recorded-video-interviews\/","name":"[:en]Pre-recorded Video Interviews[:es]Video Entrevistas Pregrabadas[:pb]Entrevistas em V\u00eddeo Pr\u00e9-gravada[:] - Evalart","isPartOf":{"@id":"https:\/\/evalart.com\/pb\/#website"},"primaryImageOfPage":{"@id":"https:\/\/evalart.com\/en\/blog\/pre-recorded-video-interviews\/#primaryimage"},"image":{"@id":"https:\/\/evalart.com\/en\/blog\/pre-recorded-video-interviews\/#primaryimage"},"thumbnailUrl":"https:\/\/dev-wp.evalartapp.com\/wp-content\/uploads\/2021\/07\/nggallery_import\/businesswoman-using-laptop-talk-colleagues-about-plan-video-call-meeting-while-working-from-home-living-room.jpg","datePublished":"2021-07-22T01:51:26+00:00","dateModified":"2025-03-20T09:44:18+00:00","breadcrumb":{"@id":"https:\/\/evalart.com\/en\/blog\/pre-recorded-video-interviews\/#breadcrumb"},"inLanguage":"pt-BR","potentialAction":[{"@type":"ReadAction","target":["https:\/\/evalart.com\/en\/blog\/pre-recorded-video-interviews\/"]}]},{"@type":"ImageObject","inLanguage":"pt-BR","@id":"https:\/\/evalart.com\/en\/blog\/pre-recorded-video-interviews\/#primaryimage","url":"https:\/\/dev-wp.evalartapp.com\/wp-content\/uploads\/2021\/07\/nggallery_import\/businesswoman-using-laptop-talk-colleagues-about-plan-video-call-meeting-while-working-from-home-living-room.jpg","contentUrl":"https:\/\/dev-wp.evalartapp.com\/wp-content\/uploads\/2021\/07\/nggallery_import\/businesswoman-using-laptop-talk-colleagues-about-plan-video-call-meeting-while-working-from-home-living-room.jpg","width":1800,"height":1013},{"@type":"BreadcrumbList","@id":"https:\/\/evalart.com\/en\/blog\/pre-recorded-video-interviews\/#breadcrumb","itemListElement":[{"@type":"ListItem","position":1,"name":"Portada","item":"https:\/\/evalart.com\/pb\/"},{"@type":"ListItem","position":2,"name":"Pre-recorded Video Interviews"}]},{"@type":"WebSite","@id":"https:\/\/evalart.com\/pb\/#website","url":"https:\/\/evalart.com\/pb\/","name":"Evalart","description":"Skills Assessment Platform for your Recruiting Process","publisher":{"@id":"https:\/\/evalart.com\/pb\/#organization"},"potentialAction":[{"@type":"SearchAction","target":{"@type":"EntryPoint","urlTemplate":"https:\/\/evalart.com\/pb\/?s={search_term_string}"},"query-input":{"@type":"PropertyValueSpecification","valueRequired":true,"valueName":"search_term_string"}}],"inLanguage":"pt-BR"},{"@type":"Organization","@id":"https:\/\/evalart.com\/pb\/#organization","name":"Evalart","url":"https:\/\/evalart.com\/pb\/","logo":{"@type":"ImageObject","inLanguage":"pt-BR","@id":"https:\/\/evalart.com\/pb\/#\/schema\/logo\/image\/","url":"https:\/\/dev-wp.evalartapp.com\/wp-content\/uploads\/2024\/03\/evalart-logo.svg","contentUrl":"https:\/\/dev-wp.evalartapp.com\/wp-content\/uploads\/2024\/03\/evalart-logo.svg","caption":"Evalart"},"image":{"@id":"https:\/\/evalart.com\/pb\/#\/schema\/logo\/image\/"}},{"@type":"Person","@id":"https:\/\/evalart.com\/pb\/#\/schema\/person\/93f496c3a4af2076e61af63c9b21bc4a","name":"Aradelsy Burgos","image":{"@type":"ImageObject","inLanguage":"pt-BR","@id":"https:\/\/evalart.com\/pb\/#\/schema\/person\/image\/","url":"https:\/\/dev-wp.evalartapp.com\/wp-content\/uploads\/2025\/09\/IMG_0083-e1756824836220-150x150.jpg","contentUrl":"https:\/\/dev-wp.evalartapp.com\/wp-content\/uploads\/2025\/09\/IMG_0083-e1756824836220-150x150.jpg","caption":"Aradelsy Burgos"},"description":"Aradelsy Burgos is the General Manager of Evalart, leading the company\u2019s strategy and growth in the online assessments space. With experience building and scaling SaaS products, she focuses on enhancing recruitment processes through innovative technologies and evaluations. Beyond product development, she works closely with clients across Latin America to understand their hiring challenges and translate those needs into platform improvements. Find me on LinkedIn.","sameAs":["https:\/\/www.linkedin.com\/in\/aradelsy-jocelyne-burgos-cota\/"],"url":"https:\/\/dev-wp.evalartapp.com\/pb\/blog\/author\/evalart\/"}]}},"_links":{"self":[{"href":"https:\/\/dev-wp.evalartapp.com\/pb\/wp-json\/wp\/v2\/posts\/1644","targetHints":{"allow":["GET"]}}],"collection":[{"href":"https:\/\/dev-wp.evalartapp.com\/pb\/wp-json\/wp\/v2\/posts"}],"about":[{"href":"https:\/\/dev-wp.evalartapp.com\/pb\/wp-json\/wp\/v2\/types\/post"}],"author":[{"embeddable":true,"href":"https:\/\/dev-wp.evalartapp.com\/pb\/wp-json\/wp\/v2\/users\/5"}],"replies":[{"embeddable":true,"href":"https:\/\/dev-wp.evalartapp.com\/pb\/wp-json\/wp\/v2\/comments?post=1644"}],"version-history":[{"count":6,"href":"https:\/\/dev-wp.evalartapp.com\/pb\/wp-json\/wp\/v2\/posts\/1644\/revisions"}],"predecessor-version":[{"id":2269,"href":"https:\/\/dev-wp.evalartapp.com\/pb\/wp-json\/wp\/v2\/posts\/1644\/revisions\/2269"}],"wp:featuredmedia":[{"embeddable":true,"href":"https:\/\/dev-wp.evalartapp.com\/pb\/wp-json\/wp\/v2\/media\/1653"}],"wp:attachment":[{"href":"https:\/\/dev-wp.evalartapp.com\/pb\/wp-json\/wp\/v2\/media?parent=1644"}],"wp:term":[{"taxonomy":"category","embeddable":true,"href":"https:\/\/dev-wp.evalartapp.com\/pb\/wp-json\/wp\/v2\/categories?post=1644"},{"taxonomy":"post_tag","embeddable":true,"href":"https:\/\/dev-wp.evalartapp.com\/pb\/wp-json\/wp\/v2\/tags?post=1644"}],"curies":[{"name":"wp","href":"https:\/\/api.w.org\/{rel}","templated":true}]}}