{"id":1957,"date":"2022-02-16T01:03:53","date_gmt":"2022-02-16T01:03:53","guid":{"rendered":"https:\/\/dev-wp.evalartapp.com\/?p=1957"},"modified":"2025-09-08T11:07:05","modified_gmt":"2025-09-08T11:07:05","slug":"test-de-machover","status":"publish","type":"post","link":"https:\/\/dev-wp.evalartapp.com\/pb\/blog\/test-de-machover\/","title":{"rendered":"Teste de figura humana"},"content":{"rendered":"<p><\/p>\n<p align=\"left\">O teste de figura humana para sele\u00e7\u00e3o de pessoas tamb\u00e9m \u00e9 chamado de teste de Machover. Como o pr\u00f3prio nome indica, o teste \u00e9 baseado no desenho de uma figura humana. Este teste visa identificar tra\u00e7os de personalidade significativos do sujeito.<\/p>\n<p align=\"left\">O teste \u00e9 simples para os candidatos fazerem. Embora sua avalia\u00e7\u00e3o exija pessoal treinado e qualificado.<\/p>\n<p align=\"left\">As aplica\u00e7\u00f5es de testes ocorrem geralmente na \u00e1rea de sele\u00e7\u00e3o de pessoas, bem como na \u00e1rea pedag\u00f3gica, e para avalia\u00e7\u00e3o da personalidade do sujeito.<\/p>\n<p align=\"left\">O teste como aplica\u00e7\u00e3o projetiva consiste em desenhar uma figura humana como express\u00e3o de necessidades ou conflitos espec\u00edficos. Aspectos art\u00edsticos do desenho n\u00e3o s\u00e3o levados em considera\u00e7\u00e3o para a avalia\u00e7\u00e3o, mas sim o tema do desenho, sua posi\u00e7\u00e3o e sua dimens\u00e3o. O custo do teste \u00e9 baixo e \u00e9 de f\u00e1cil aplica\u00e7\u00e3o.<\/p>\n<p align=\"left\"><strong>Peculiaridades do teste da figura humana<\/strong><\/p>\n<p align=\"left\">Entre os benef\u00edcios atribu\u00eddos a esse teste est\u00e1 o fato de ser considerado por alguns psic\u00f3logos como um teste eficaz que gera informa\u00e7\u00f5es relevantes sobre a personalidade do indiv\u00edduo.<\/p>\n<p align=\"left\">Alguns autores concordam que deve ser combinado com outros testes quando usado para sele\u00e7\u00e3o de pessoas. Da mesma forma, o pessoal de avalia\u00e7\u00e3o deve ser devidamente treinado.<\/p>\n<p align=\"left\"><strong>Aplica\u00e7\u00e3o do teste<\/strong><\/p>\n<p align=\"left\">O teste de Machover costuma ser \u00fatil para quem n\u00e3o tem muita forma\u00e7\u00e3o acad\u00eamica ou tem dificuldade de se expressar oralmente. O assunto \u00e9 apresentado com um peda\u00e7o de papel, acompanhado de l\u00e1pis e borracha. E eles t\u00eam que desenhar uma figura humana.<\/p>\n<p align=\"left\">O facilitador do teste deve registrar, passo a passo, o tempo gasto para desenhar cada parte do desenho. Da mesma forma, \u00e9 importante registrar as partes que o sujeito desenhou primeiro. No final do primeiro desenho, ser\u00e1 solicitado que desenhem uma pessoa do sexo oposto.<\/p>\n<p align=\"left\"><strong>Interpreta\u00e7\u00e3o do teste de figura humana<\/strong><\/p>\n<p align=\"left\">A experi\u00eancia cl\u00ednica \u00e9 baseada no fato de que, quando uma figura humana \u00e9 desenhada, ela se associa a certos conflitos, impulsos e ansiedades do sujeito. De alguma forma, a figura passa a representar o pr\u00f3prio sujeito.<\/p>\n<p align=\"left\"><strong>Figura Humana<\/strong><\/p>\n<p align=\"left\">De acordo com o g\u00eanero sorteado, expressa que os comportamentos de seu g\u00eanero s\u00e3o estereotipados e identificados. Pode ser um indicador de ambival\u00eancia na identifica\u00e7\u00e3o sexual.<\/p>\n<p align=\"left\">A figura desenhada de lado pode mostrar fuga do ambiente ou problemas com o ambiente.<\/p>\n<p align=\"left\">Quando \u00e9 frontal, denota desejo de atender \u00e0s demandas do ambiente, o que pode ser indicativo de abertura e estabilidade social.<\/p>\n<p align=\"left\"><strong>Dimens\u00e3o da figura<\/strong><\/p>\n<p align=\"left\">Quando a figura \u00e9 grande, pode indicar exalta\u00e7\u00e3o do ego e propens\u00e3o \u00e0 fantasia. Tamb\u00e9m denota autocontrole.<\/p>\n<p align=\"left\">Se a figura for pequena, denota supervaloriza\u00e7\u00e3o do ambiente, poss\u00edvel oculta\u00e7\u00e3o, n\u00e3o passar despercebido pelo ambiente e rea\u00e7\u00e3o submissa.<\/p>\n<p align=\"left\">Se for m\u00e9dio, indica equil\u00edbrio emocional.<\/p>\n<p align=\"left\"><strong>Posi\u00e7\u00e3o<\/strong><\/p>\n<p align=\"left\">Se estiver localizado na parte superior da p\u00e1gina, denota inseguran\u00e7a e tend\u00eancia a se retirar. Abaixo, pode indicar pessimismo, inseguran\u00e7a, propens\u00e3o \u00e0 depress\u00e3o e baixa atividade f\u00edsica.<\/p>\n<p align=\"left\">\u00c0 direita, indicaria problemas com autoridade, negativismo e resist\u00eancia \u00e0 mudan\u00e7a.<\/p>\n<p align=\"left\">Se estiver \u00e0 esquerda, indica inibi\u00e7\u00e3o, inseguran\u00e7a e introvers\u00e3o.<\/p>\n<p align=\"left\">Se estiver no canto superior esquerdo, indica uma tend\u00eancia a se afastar do ambiente, a necessidade de suporte e a emotividade.<\/p>\n<p align=\"left\">Se estiver no canto superior direito, indica a capacidade de enfrentar o ambiente.<\/p>\n<p align=\"left\">Al\u00e9m disso, em outros cargos, pode denotar uma tend\u00eancia que o avaliador pode medir.<\/p>\n<p align=\"left\"><strong>Tema da imagem<\/strong><\/p>\n<p align=\"left\">Se o que \u00e9 desenhado \u00e9 um personagem rid\u00edculo, pode ser indicativo de sentimentos de inferioridade f\u00edsica.<\/p>\n<p align=\"left\">Os detalhes do corpo e o arranjo das roupas podem ser interpretados de acordo com o significado que o sujeito lhes d\u00e1.<\/p>\n<p align=\"left\"><strong>O rosto do desenho<\/strong><\/p>\n<p align=\"left\">O rosto \u00e9 a parte mais expressiva do desenho. Frequentemente \u00e9 a primeira coisa a ser desenhada. Representa o aspecto social do desenho.<\/p>\n<p align=\"left\">A \u00eanfase exagerada nas caracter\u00edsticas faciais indica fantasias combatidas por agress\u00e3o e domina\u00e7\u00e3o.<\/p>\n<p align=\"left\"><strong>Express\u00e3o facial<\/strong><\/p>\n<p align=\"left\">A express\u00e3o do rosto \u00e9 uma caracter\u00edstica do desenho no qual \u00e9 avaliada com bastante confian\u00e7a. As linhas mais marcadas est\u00e3o na prega naso-labial e na testa.<\/p>\n<p align=\"left\">As pessoas subconscientemente d\u00e3o \u00e0 figura uma express\u00e3o de surpresa, admira\u00e7\u00e3o, agress\u00e3o, etc.<\/p>\n<p align=\"left\"><strong>Formato da boca<\/strong><\/p>\n<p align=\"left\">Se a boca parece muito estressada, pode mostrar que a pessoa \u00e9 verbalmente agressiva e tende a se irritar facilmente.<\/p>\n<p align=\"left\">Muitas formas de desenhar uma figura humana s\u00e3o avali\u00e1veis por especialistas.<\/p>\n<p align=\"left\"><strong>Precis\u00e3o do Teste<\/strong><\/p>\n<p align=\"left\">De acordo com alguns especialistas, est\u00e1 comprovado que quando uma pessoa \u00e9 desenhada, pode representar uma express\u00e3o profunda da personalidade de quem a desenha. Quando algu\u00e9m tenta desenhar uma pessoa, tem que resolver certas diferen\u00e7as, dificuldades e problemas para chegar a um modelo que os satisfa\u00e7a.<\/p>\n<p align=\"left\">Um teste de figura humana \u00e9 uma forma de psicodiagn\u00f3stico usada h\u00e1 mais de 60 anos. No entanto, seus m\u00e9todos s\u00e3o de uso variado e pouco codificados. Com o tempo, o surgimento de algumas publica\u00e7\u00f5es transformou certas especula\u00e7\u00f5es em regras frequentemente aceitas.<\/p>\n<p align=\"left\">Alguns autores consideram as conclus\u00f5es do teste bastante subjetivas. Por outro lado, o teste ocupa o quinto lugar entre os m\u00e9todos usados, por exemplo, por cerca de 43% de todos os psic\u00f3logos da Rep\u00fablica Tcheca. Quanto aos m\u00e9todos de diagn\u00f3stico de personalidade, o teste ocupa o segundo lugar.<\/p>\n<p align=\"left\">Para um teste que visa o psicodiagn\u00f3stico de um sujeito, desde a instru\u00e7\u00e3o para desenhar uma figura humana; para alguns especialistas, pode produzir resultados sem validade rigorosa e de confiabilidade duvidosa.<\/p>\n<p align=\"left\">Quando falamos de validade, nos referimos \u00e0 capacidade de um instrumento de medir o que deveria. Se falamos sobre o desenho de uma pessoa, \u00e9 dif\u00edcil verificar se um gesto da boca, o tamanho dos olhos ou o que \u00e9 desenhado primeiro \u00e9 um indicador preciso de aspectos da personalidade, como agressividade ou outras caracter\u00edsticas pessoais.<\/p>\n<p align=\"left\">Assim, conclui-se que, embora o teste seja de fato usado h\u00e1 bastante tempo, n\u00e3o h\u00e1 consenso sobre sua validade e precis\u00e3o.<\/p>\n<p align=\"left\">&nbsp;<\/p>\n<p align=\"left\">&nbsp;<\/p>\n<p align=\"left\">&nbsp;<\/p>\n<p align=\"left\">&nbsp;<\/p>\n<p align=\"left\">&nbsp;<\/p>\n<p><\/p>","protected":false},"excerpt":{"rendered":"<p>O teste de figura humana para sele\u00e7\u00e3o de pessoas tamb\u00e9m \u00e9 chamado de teste de Machover. Como o pr\u00f3prio nome indica, o teste \u00e9 baseado no desenho de uma figura humana. Este teste visa identificar tra\u00e7os de personalidade significativos do sujeito. O teste \u00e9 simples para os candidatos fazerem. Embora sua avalia\u00e7\u00e3o exija pessoal treinado [&hellip;]<\/p>\n","protected":false},"author":5,"featured_media":1959,"comment_status":"closed","ping_status":"closed","sticky":false,"template":"","format":"standard","meta":{"_acf_changed":false,"inline_featured_image":false,"footnotes":""},"categories":[257,45,44],"tags":[345],"class_list":["post-1957","post","type-post","status-publish","format-standard","has-post-thumbnail","hentry","category-pruebas-de-seleccion-de-personal","category-reclutamiento-general","category-tcnicas-de-seleccin-de-personal","tag-test-de-personalidad"],"acf":[],"yoast_head":"<!-- This site is optimized with the Yoast SEO plugin v27.1.1 - https:\/\/yoast.com\/product\/yoast-seo-wordpress\/ -->\n<title>Teste de figura humana - Evalart<\/title>\n<meta name=\"description\" content=\"Descubre el Test de Machover o de la Figura Humana: t\u00e9cnica proyectiva para analizar rasgos de personalidad de forma r\u00e1pida y sencilla.\" \/>\n<meta name=\"robots\" content=\"index, follow, max-snippet:-1, max-image-preview:large, max-video-preview:-1\" \/>\n<link rel=\"canonical\" href=\"https:\/\/evalart.com\/es\/blog\/test-de-machover\/\" \/>\n<meta property=\"og:locale\" content=\"pt_BR\" \/>\n<meta property=\"og:type\" content=\"article\" \/>\n<meta property=\"og:title\" content=\"[:en]Human Figure Test[:es]Test de Machover - Evaluaci\u00f3n R\u00e1pida de Personalidad[:pb]Teste de figura humana[:] - Evalart\" \/>\n<meta property=\"og:description\" content=\"Descubre el Test de Machover o de la Figura Humana: t\u00e9cnica proyectiva para analizar rasgos de personalidad de forma r\u00e1pida y sencilla.\" \/>\n<meta property=\"og:url\" content=\"https:\/\/evalart.com\/es\/blog\/test-de-machover\/\" \/>\n<meta property=\"og:site_name\" content=\"Evalart\" \/>\n<meta property=\"article:published_time\" content=\"2022-02-16T01:03:53+00:00\" \/>\n<meta property=\"article:modified_time\" content=\"2025-09-08T11:07:05+00:00\" \/>\n<meta property=\"og:image\" content=\"https:\/\/evalart.com\/wp-content\/uploads\/2022\/02\/nggallery_import\/Figura-humana.jpg\" \/>\n\t<meta property=\"og:image:width\" content=\"1800\" \/>\n\t<meta property=\"og:image:height\" content=\"1200\" \/>\n\t<meta property=\"og:image:type\" content=\"image\/jpeg\" \/>\n<meta name=\"author\" content=\"Aradelsy Burgos\" \/>\n<meta name=\"twitter:card\" content=\"summary_large_image\" \/>\n<meta name=\"twitter:label1\" content=\"Escrito por\" \/>\n\t<meta name=\"twitter:data1\" content=\"Aradelsy Burgos\" \/>\n\t<meta name=\"twitter:label2\" content=\"Est. tempo de leitura\" \/>\n\t<meta name=\"twitter:data2\" content=\"5 minutos\" \/>\n<script type=\"application\/ld+json\" class=\"yoast-schema-graph\">{\"@context\":\"https:\/\/schema.org\",\"@graph\":[{\"@type\":\"Article\",\"@id\":\"https:\/\/evalart.com\/es\/blog\/test-de-machover\/#article\",\"isPartOf\":{\"@id\":\"https:\/\/evalart.com\/es\/blog\/test-de-machover\/\"},\"author\":{\"name\":\"Aradelsy Burgos\",\"@id\":\"https:\/\/evalart.com\/pb\/#\/schema\/person\/93f496c3a4af2076e61af63c9b21bc4a\"},\"headline\":\"Teste de figura humana\",\"datePublished\":\"2022-02-16T01:03:53+00:00\",\"dateModified\":\"2025-09-08T11:07:05+00:00\",\"mainEntityOfPage\":{\"@id\":\"https:\/\/evalart.com\/es\/blog\/test-de-machover\/\"},\"wordCount\":3140,\"publisher\":{\"@id\":\"https:\/\/evalart.com\/pb\/#organization\"},\"image\":{\"@id\":\"https:\/\/evalart.com\/es\/blog\/test-de-machover\/#primaryimage\"},\"thumbnailUrl\":\"https:\/\/dev-wp.evalartapp.com\/wp-content\/uploads\/2022\/02\/nggallery_import\/Figura-humana.jpg\",\"keywords\":[\"test de personalidad\"],\"articleSection\":[\"Pruebas de Selecci\u00f3n de Personal\",\"Reclutamiento General\",\"T\u00e9cnicas de Selecci\u00f3n de Personal\"],\"inLanguage\":\"pt-BR\"},{\"@type\":\"WebPage\",\"@id\":\"https:\/\/evalart.com\/es\/blog\/test-de-machover\/\",\"url\":\"https:\/\/evalart.com\/es\/blog\/test-de-machover\/\",\"name\":\"[:en]Human Figure Test[:es]Test de Machover - Evaluaci\u00f3n R\u00e1pida de Personalidad[:pb]Teste de figura humana[:] - Evalart\",\"isPartOf\":{\"@id\":\"https:\/\/evalart.com\/pb\/#website\"},\"primaryImageOfPage\":{\"@id\":\"https:\/\/evalart.com\/es\/blog\/test-de-machover\/#primaryimage\"},\"image\":{\"@id\":\"https:\/\/evalart.com\/es\/blog\/test-de-machover\/#primaryimage\"},\"thumbnailUrl\":\"https:\/\/dev-wp.evalartapp.com\/wp-content\/uploads\/2022\/02\/nggallery_import\/Figura-humana.jpg\",\"datePublished\":\"2022-02-16T01:03:53+00:00\",\"dateModified\":\"2025-09-08T11:07:05+00:00\",\"description\":\"Descubre el Test de Machover o de la Figura Humana: t\u00e9cnica proyectiva para analizar rasgos de personalidad de forma r\u00e1pida y sencilla.\",\"breadcrumb\":{\"@id\":\"https:\/\/evalart.com\/es\/blog\/test-de-machover\/#breadcrumb\"},\"inLanguage\":\"pt-BR\",\"potentialAction\":[{\"@type\":\"ReadAction\",\"target\":[\"https:\/\/evalart.com\/es\/blog\/test-de-machover\/\"]}]},{\"@type\":\"ImageObject\",\"inLanguage\":\"pt-BR\",\"@id\":\"https:\/\/evalart.com\/es\/blog\/test-de-machover\/#primaryimage\",\"url\":\"https:\/\/dev-wp.evalartapp.com\/wp-content\/uploads\/2022\/02\/nggallery_import\/Figura-humana.jpg\",\"contentUrl\":\"https:\/\/dev-wp.evalartapp.com\/wp-content\/uploads\/2022\/02\/nggallery_import\/Figura-humana.jpg\",\"width\":1800,\"height\":1200},{\"@type\":\"BreadcrumbList\",\"@id\":\"https:\/\/evalart.com\/es\/blog\/test-de-machover\/#breadcrumb\",\"itemListElement\":[{\"@type\":\"ListItem\",\"position\":1,\"name\":\"Portada\",\"item\":\"https:\/\/evalart.com\/pb\/\"},{\"@type\":\"ListItem\",\"position\":2,\"name\":\"Test de Machover &#8211; Evaluaci\u00f3n R\u00e1pida de Personalidad\"}]},{\"@type\":\"WebSite\",\"@id\":\"https:\/\/evalart.com\/pb\/#website\",\"url\":\"https:\/\/evalart.com\/pb\/\",\"name\":\"Evalart\",\"description\":\"Skills Assessment Platform for your Recruiting Process\",\"publisher\":{\"@id\":\"https:\/\/evalart.com\/pb\/#organization\"},\"potentialAction\":[{\"@type\":\"SearchAction\",\"target\":{\"@type\":\"EntryPoint\",\"urlTemplate\":\"https:\/\/evalart.com\/pb\/?s={search_term_string}\"},\"query-input\":{\"@type\":\"PropertyValueSpecification\",\"valueRequired\":true,\"valueName\":\"search_term_string\"}}],\"inLanguage\":\"pt-BR\"},{\"@type\":\"Organization\",\"@id\":\"https:\/\/evalart.com\/pb\/#organization\",\"name\":\"Evalart\",\"url\":\"https:\/\/evalart.com\/pb\/\",\"logo\":{\"@type\":\"ImageObject\",\"inLanguage\":\"pt-BR\",\"@id\":\"https:\/\/evalart.com\/pb\/#\/schema\/logo\/image\/\",\"url\":\"https:\/\/dev-wp.evalartapp.com\/wp-content\/uploads\/2024\/03\/evalart-logo.svg\",\"contentUrl\":\"https:\/\/dev-wp.evalartapp.com\/wp-content\/uploads\/2024\/03\/evalart-logo.svg\",\"caption\":\"Evalart\"},\"image\":{\"@id\":\"https:\/\/evalart.com\/pb\/#\/schema\/logo\/image\/\"}},{\"@type\":\"Person\",\"@id\":\"https:\/\/evalart.com\/pb\/#\/schema\/person\/93f496c3a4af2076e61af63c9b21bc4a\",\"name\":\"Aradelsy Burgos\",\"image\":{\"@type\":\"ImageObject\",\"inLanguage\":\"pt-BR\",\"@id\":\"https:\/\/evalart.com\/pb\/#\/schema\/person\/image\/\",\"url\":\"https:\/\/dev-wp.evalartapp.com\/wp-content\/uploads\/2025\/09\/IMG_0083-e1756824836220-150x150.jpg\",\"contentUrl\":\"https:\/\/dev-wp.evalartapp.com\/wp-content\/uploads\/2025\/09\/IMG_0083-e1756824836220-150x150.jpg\",\"caption\":\"Aradelsy Burgos\"},\"description\":\"Aradelsy Burgos is the General Manager of Evalart, leading the company\u2019s strategy and growth in the online assessments space. With experience building and scaling SaaS products, she focuses on enhancing recruitment processes through innovative technologies and evaluations. Beyond product development, she works closely with clients across Latin America to understand their hiring challenges and translate those needs into platform improvements. Find me on LinkedIn.\",\"sameAs\":[\"https:\/\/www.linkedin.com\/in\/aradelsy-jocelyne-burgos-cota\/\"],\"url\":\"https:\/\/dev-wp.evalartapp.com\/pb\/blog\/author\/evalart\/\"}]}<\/script>\n<!-- \/ Yoast SEO plugin. -->","yoast_head_json":{"title":"[:en]Human Figure Test[:es]Test de Machover - Evaluaci\u00f3n R\u00e1pida de Personalidad[:pb]Teste de figura humana[:] - Evalart","description":"Descubre el Test de Machover o de la Figura Humana: t\u00e9cnica proyectiva para analizar rasgos de personalidad de forma r\u00e1pida y sencilla.","robots":{"index":"index","follow":"follow","max-snippet":"max-snippet:-1","max-image-preview":"max-image-preview:large","max-video-preview":"max-video-preview:-1"},"canonical":"https:\/\/evalart.com\/es\/blog\/test-de-machover\/","og_locale":"pt_BR","og_type":"article","og_title":"[:en]Human Figure Test[:es]Test de Machover - Evaluaci\u00f3n R\u00e1pida de Personalidad[:pb]Teste de figura humana[:] - Evalart","og_description":"Descubre el Test de Machover o de la Figura Humana: t\u00e9cnica proyectiva para analizar rasgos de personalidad de forma r\u00e1pida y sencilla.","og_url":"https:\/\/evalart.com\/es\/blog\/test-de-machover\/","og_site_name":"Evalart","article_published_time":"2022-02-16T01:03:53+00:00","article_modified_time":"2025-09-08T11:07:05+00:00","og_image":[{"width":1800,"height":1200,"url":"https:\/\/evalart.com\/wp-content\/uploads\/2022\/02\/nggallery_import\/Figura-humana.jpg","type":"image\/jpeg"}],"author":"Aradelsy Burgos","twitter_card":"summary_large_image","twitter_misc":{"Escrito por":"Aradelsy Burgos","Est. tempo de leitura":"5 minutos"},"schema":{"@context":"https:\/\/schema.org","@graph":[{"@type":"Article","@id":"https:\/\/evalart.com\/es\/blog\/test-de-machover\/#article","isPartOf":{"@id":"https:\/\/evalart.com\/es\/blog\/test-de-machover\/"},"author":{"name":"Aradelsy Burgos","@id":"https:\/\/evalart.com\/pb\/#\/schema\/person\/93f496c3a4af2076e61af63c9b21bc4a"},"headline":"Teste de figura humana","datePublished":"2022-02-16T01:03:53+00:00","dateModified":"2025-09-08T11:07:05+00:00","mainEntityOfPage":{"@id":"https:\/\/evalart.com\/es\/blog\/test-de-machover\/"},"wordCount":3140,"publisher":{"@id":"https:\/\/evalart.com\/pb\/#organization"},"image":{"@id":"https:\/\/evalart.com\/es\/blog\/test-de-machover\/#primaryimage"},"thumbnailUrl":"https:\/\/dev-wp.evalartapp.com\/wp-content\/uploads\/2022\/02\/nggallery_import\/Figura-humana.jpg","keywords":["test de personalidad"],"articleSection":["Pruebas de Selecci\u00f3n de Personal","Reclutamiento General","T\u00e9cnicas de Selecci\u00f3n de Personal"],"inLanguage":"pt-BR"},{"@type":"WebPage","@id":"https:\/\/evalart.com\/es\/blog\/test-de-machover\/","url":"https:\/\/evalart.com\/es\/blog\/test-de-machover\/","name":"[:en]Human Figure Test[:es]Test de Machover - Evaluaci\u00f3n R\u00e1pida de Personalidad[:pb]Teste de figura humana[:] - Evalart","isPartOf":{"@id":"https:\/\/evalart.com\/pb\/#website"},"primaryImageOfPage":{"@id":"https:\/\/evalart.com\/es\/blog\/test-de-machover\/#primaryimage"},"image":{"@id":"https:\/\/evalart.com\/es\/blog\/test-de-machover\/#primaryimage"},"thumbnailUrl":"https:\/\/dev-wp.evalartapp.com\/wp-content\/uploads\/2022\/02\/nggallery_import\/Figura-humana.jpg","datePublished":"2022-02-16T01:03:53+00:00","dateModified":"2025-09-08T11:07:05+00:00","description":"Descubre el Test de Machover o de la Figura Humana: t\u00e9cnica proyectiva para analizar rasgos de personalidad de forma r\u00e1pida y sencilla.","breadcrumb":{"@id":"https:\/\/evalart.com\/es\/blog\/test-de-machover\/#breadcrumb"},"inLanguage":"pt-BR","potentialAction":[{"@type":"ReadAction","target":["https:\/\/evalart.com\/es\/blog\/test-de-machover\/"]}]},{"@type":"ImageObject","inLanguage":"pt-BR","@id":"https:\/\/evalart.com\/es\/blog\/test-de-machover\/#primaryimage","url":"https:\/\/dev-wp.evalartapp.com\/wp-content\/uploads\/2022\/02\/nggallery_import\/Figura-humana.jpg","contentUrl":"https:\/\/dev-wp.evalartapp.com\/wp-content\/uploads\/2022\/02\/nggallery_import\/Figura-humana.jpg","width":1800,"height":1200},{"@type":"BreadcrumbList","@id":"https:\/\/evalart.com\/es\/blog\/test-de-machover\/#breadcrumb","itemListElement":[{"@type":"ListItem","position":1,"name":"Portada","item":"https:\/\/evalart.com\/pb\/"},{"@type":"ListItem","position":2,"name":"Test de Machover &#8211; Evaluaci\u00f3n R\u00e1pida de Personalidad"}]},{"@type":"WebSite","@id":"https:\/\/evalart.com\/pb\/#website","url":"https:\/\/evalart.com\/pb\/","name":"Evalart","description":"Skills Assessment Platform for your Recruiting Process","publisher":{"@id":"https:\/\/evalart.com\/pb\/#organization"},"potentialAction":[{"@type":"SearchAction","target":{"@type":"EntryPoint","urlTemplate":"https:\/\/evalart.com\/pb\/?s={search_term_string}"},"query-input":{"@type":"PropertyValueSpecification","valueRequired":true,"valueName":"search_term_string"}}],"inLanguage":"pt-BR"},{"@type":"Organization","@id":"https:\/\/evalart.com\/pb\/#organization","name":"Evalart","url":"https:\/\/evalart.com\/pb\/","logo":{"@type":"ImageObject","inLanguage":"pt-BR","@id":"https:\/\/evalart.com\/pb\/#\/schema\/logo\/image\/","url":"https:\/\/dev-wp.evalartapp.com\/wp-content\/uploads\/2024\/03\/evalart-logo.svg","contentUrl":"https:\/\/dev-wp.evalartapp.com\/wp-content\/uploads\/2024\/03\/evalart-logo.svg","caption":"Evalart"},"image":{"@id":"https:\/\/evalart.com\/pb\/#\/schema\/logo\/image\/"}},{"@type":"Person","@id":"https:\/\/evalart.com\/pb\/#\/schema\/person\/93f496c3a4af2076e61af63c9b21bc4a","name":"Aradelsy Burgos","image":{"@type":"ImageObject","inLanguage":"pt-BR","@id":"https:\/\/evalart.com\/pb\/#\/schema\/person\/image\/","url":"https:\/\/dev-wp.evalartapp.com\/wp-content\/uploads\/2025\/09\/IMG_0083-e1756824836220-150x150.jpg","contentUrl":"https:\/\/dev-wp.evalartapp.com\/wp-content\/uploads\/2025\/09\/IMG_0083-e1756824836220-150x150.jpg","caption":"Aradelsy Burgos"},"description":"Aradelsy Burgos is the General Manager of Evalart, leading the company\u2019s strategy and growth in the online assessments space. With experience building and scaling SaaS products, she focuses on enhancing recruitment processes through innovative technologies and evaluations. Beyond product development, she works closely with clients across Latin America to understand their hiring challenges and translate those needs into platform improvements. Find me on LinkedIn.","sameAs":["https:\/\/www.linkedin.com\/in\/aradelsy-jocelyne-burgos-cota\/"],"url":"https:\/\/dev-wp.evalartapp.com\/pb\/blog\/author\/evalart\/"}]}},"_links":{"self":[{"href":"https:\/\/dev-wp.evalartapp.com\/pb\/wp-json\/wp\/v2\/posts\/1957","targetHints":{"allow":["GET"]}}],"collection":[{"href":"https:\/\/dev-wp.evalartapp.com\/pb\/wp-json\/wp\/v2\/posts"}],"about":[{"href":"https:\/\/dev-wp.evalartapp.com\/pb\/wp-json\/wp\/v2\/types\/post"}],"author":[{"embeddable":true,"href":"https:\/\/dev-wp.evalartapp.com\/pb\/wp-json\/wp\/v2\/users\/5"}],"replies":[{"embeddable":true,"href":"https:\/\/dev-wp.evalartapp.com\/pb\/wp-json\/wp\/v2\/comments?post=1957"}],"version-history":[{"count":5,"href":"https:\/\/dev-wp.evalartapp.com\/pb\/wp-json\/wp\/v2\/posts\/1957\/revisions"}],"predecessor-version":[{"id":5127,"href":"https:\/\/dev-wp.evalartapp.com\/pb\/wp-json\/wp\/v2\/posts\/1957\/revisions\/5127"}],"wp:featuredmedia":[{"embeddable":true,"href":"https:\/\/dev-wp.evalartapp.com\/pb\/wp-json\/wp\/v2\/media\/1959"}],"wp:attachment":[{"href":"https:\/\/dev-wp.evalartapp.com\/pb\/wp-json\/wp\/v2\/media?parent=1957"}],"wp:term":[{"taxonomy":"category","embeddable":true,"href":"https:\/\/dev-wp.evalartapp.com\/pb\/wp-json\/wp\/v2\/categories?post=1957"},{"taxonomy":"post_tag","embeddable":true,"href":"https:\/\/dev-wp.evalartapp.com\/pb\/wp-json\/wp\/v2\/tags?post=1957"}],"curies":[{"name":"wp","href":"https:\/\/api.w.org\/{rel}","templated":true}]}}